{"id":8399,"date":"2022-11-03T16:20:15","date_gmt":"2022-11-03T16:20:15","guid":{"rendered":"https:\/\/naturcleaning.hu\/?p=8399"},"modified":"2022-11-03T16:22:00","modified_gmt":"2022-11-03T16:22:00","slug":"ebredes-utan-te-is-azonnal-beagyazol-ne-tedd","status":"publish","type":"post","link":"https:\/\/naturcleaning.hu\/en\/ebredes-utan-te-is-azonnal-beagyazol-ne-tedd\/","title":{"rendered":"\u00c9bred\u00e9s ut\u00e1n te is azonnal be\u00e1gyazol? NE TEDD!"},"content":{"rendered":"<p>Miut\u00e1n felkelt\u00e9l, hagyd l\u00e9legezni az \u00e1gyadat,\u00a0ugyanis a poratk\u00e1k nagyon szeretik a p\u00e1r\u00e1s \u00e9s s\u00f6t\u00e9t helyeket, mint amilyen az \u00e1gyad \u00e9bred\u00e9s ut\u00e1n. Ha nem \u00e1gyazunk meg felkel\u00e9s ut\u00e1n, az cs\u00f6kkentheti az allergi\u00e1t \u00e9s a poratk\u00e1k sz\u00e1m\u00e1t az \u00e1gyban.<\/p>\n<p>Egy \u00e1tlagos \u00e1gyban 1,5-2 milli\u00f3 atka is \u00e9lhet, \u00e9s a gondolaton k\u00edv\u00fcl, hogy ott vannak, sokkal \u00e9get\u0151bb probl\u00e9ma is van vel\u00fck - nem szobatiszt\u00e1k! Az atk\u00e1k \u00fcr\u00fcl\u00e9ke okozza ugyanis az \u00fagynevezett porallergi\u00e1s megbeteged\u00e9sek d\u00f6nt\u0151 t\u00f6bbs\u00e9g\u00e9t.<\/p>\n<p>Az atk\u00e1k az elhalt emberi b\u0151rt fogyasztj\u00e1k \u00e9s allerg\u00e9n anyagokat termelnek. A poratk\u00e1k sz\u00e1m\u00e1ra az elfoglalt \u00e1gyban tapasztalhat\u00f3 nedvess\u00e9g az ide\u00e1lis \u00e9letk\u00f6r\u00fclm\u00e9ny, a t\u00fal\u00e9l\u00e9s\u00fck azonban nehezebb\u00e9 v\u00e1lik, ha megsz\u0171nik a nedvess\u00e9g.<\/p>\n<p><strong>Hogyan irtsuk ki az atk\u00e1kat h\u00e1l\u00f3szob\u00e1nkb\u00f3l?<\/strong><\/p>\n<p>Sajnos nincs m\u00f3d az h\u00e1zi atkapopul\u00e1ci\u00f3 teljes kiirt\u00e1s\u00e1ra, de sz\u00e1muk n\u00e9h\u00e1ny egyszer\u0171 m\u00f3dszerrel k\u00f6nnyed\u00e9n cs\u00f6kkenthet\u0151.<\/p>\n<p>Ha teh\u00e1t reggel nem \u00e1gyazunk be, akkor a matracr\u00f3l napk\u00f6zben elp\u00e1rolog az atk\u00e1kat \u00e9ltet\u0151 nedvess\u00e9g, \u00edgy azok kisz\u00e1radnak \u00e9s elpusztulnak.<\/p>\n<p>Igyekezz\u00fcnk ker\u00fclni a porfog\u00f3kat, p\u00e9ld\u00e1ul a k\u00f6nyveket, padl\u00f3sz\u0151nyeget \u2013 az \u00e1gyak ut\u00e1n a cs\u00facs atkatelep!<\/p>\n<p>Ker\u00fclj\u00fck el a p\u00e1rologtat\u00f3 haszn\u00e1lat\u00e1t, illetve ne tegy\u00fcnk v\u00edzzel teli ed\u00e9nyt a radi\u00e1torra, hiszen ezek csak n\u00f6velik a p\u00e1ratartalmat, amit az atk\u00e1k nagyon kedvelnek.<\/p>\n<p>Szell\u0151ztess\u00fcnk! A friss leveg\u0151 \u00e9s a napf\u00e9ny az a k\u00e9t dolog, amit az atk\u00e1k nagyon nem szeretnek, ez\u00e9rt amikor csak m\u00f3dunk van r\u00e1, szell\u0151ztess\u00fcnk.<\/p>\n<p><strong>Mennyi ideig kell szell\u0151ztetni?<\/strong><\/p>\n<p>Szell\u0151ztess\u00fck \u00e1t a szob\u00e1t addig, am\u00edg vetetlen az \u00e1gy. Sokan azt a megold\u00e1st v\u00e1lasztj\u00e1k, hogy csak buk\u00f3ra nyitj\u00e1k az ablakot, de t\u00f6bb ideig szell\u0151ztetnek. Ez nem annyira j\u00f3 \u00f6tlet, gazdas\u00e1goss\u00e1gi szempontb\u00f3l sem, ugyanis a t\u00f6bb id\u0151 alatt jobban leh\u0171l a lak\u00e1s. \u00c9rdemesebb ink\u00e1bb j\u00f3l kit\u00e1rni az ablakokat \u00e9s kevesebb ideig nyitva hagyni, ilyenkor 3-5 perc szell\u0151ztet\u00e9s b\u0151ven elegend\u0151. Szell\u0151ztess\u00fck \u00e1t az \u00e1gynem\u0171t is miel\u0151tt be\u00e1gyazn\u00e1nk, hogy ne maradjon nedves.<\/p>\n<p>Lefekv\u00e9s el\u0151tt is \u00e9rdemes beiktatni a h\u00e1l\u00f3szob\u00e1ban egy gyors szell\u0151ztet\u00e9st. Sokkal jobban fogunk aludni, ha friss leveg\u0151h\u00f6z juthatunk az \u00e9jszaka folyam\u00e1n.<\/p>\n<p>&nbsp;<\/p>","protected":false},"excerpt":{"rendered":"<p>Miut\u00e1n felkelt\u00e9l, hagyd l\u00e9legezni az \u00e1gyadat,\u00a0ugyanis a poratk\u00e1k nagyon szeretik a p\u00e1r\u00e1s \u00e9s s\u00f6t\u00e9t helyeket, mint amilyen az \u00e1gyad \u00e9bred\u00e9s ut\u00e1n. Ha nem \u00e1gyazunk meg felkel\u00e9s ut\u00e1n, az cs\u00f6kkentheti az allergi\u00e1t \u00e9s a poratk\u00e1k sz\u00e1m\u00e1t az \u00e1gyban. Egy \u00e1tlagos \u00e1gyban 1,5-2 milli\u00f3 atka is \u00e9lhet, \u00e9s a gondolaton k\u00edv\u00fcl, hogy ott vannak, sokkal \u00e9get\u0151bb probl\u00e9ma [&hellip;]<\/p>\n","protected":false},"author":11,"featured_media":8400,"comment_status":"open","ping_status":"open","sticky":false,"template":"","format":"standard","meta":{"_acf_changed":false,"footnotes":""},"categories":[47],"tags":[],"class_list":["post-8399","post","type-post","status-publish","format-standard","has-post-thumbnail","hentry","category-blogpost"],"acf":[],"_links":{"self":[{"href":"https:\/\/naturcleaning.hu\/en\/wp-json\/wp\/v2\/posts\/8399","targetHints":{"allow":["GET"]}}],"collection":[{"href":"https:\/\/naturcleaning.hu\/en\/wp-json\/wp\/v2\/posts"}],"about":[{"href":"https:\/\/naturcleaning.hu\/en\/wp-json\/wp\/v2\/types\/post"}],"author":[{"embeddable":true,"href":"https:\/\/naturcleaning.hu\/en\/wp-json\/wp\/v2\/users\/11"}],"replies":[{"embeddable":true,"href":"https:\/\/naturcleaning.hu\/en\/wp-json\/wp\/v2\/comments?post=8399"}],"version-history":[{"count":0,"href":"https:\/\/naturcleaning.hu\/en\/wp-json\/wp\/v2\/posts\/8399\/revisions"}],"wp:featuredmedia":[{"embeddable":true,"href":"https:\/\/naturcleaning.hu\/en\/wp-json\/wp\/v2\/media\/8400"}],"wp:attachment":[{"href":"https:\/\/naturcleaning.hu\/en\/wp-json\/wp\/v2\/media?parent=8399"}],"wp:term":[{"taxonomy":"category","embeddable":true,"href":"https:\/\/naturcleaning.hu\/en\/wp-json\/wp\/v2\/categories?post=8399"},{"taxonomy":"post_tag","embeddable":true,"href":"https:\/\/naturcleaning.hu\/en\/wp-json\/wp\/v2\/tags?post=8399"}],"curies":[{"name":"wp","href":"https:\/\/api.w.org\/{rel}","templated":true}]}}