{"id":18137,"date":"2023-07-26T08:23:04","date_gmt":"2023-07-26T08:23:04","guid":{"rendered":"https:\/\/naturcleaning.hu\/?p=18137"},"modified":"2023-07-26T08:23:39","modified_gmt":"2023-07-26T08:23:39","slug":"mit-jelent-az-ha-hipoallergen-felirat-szerepel-egy-termeken","status":"publish","type":"post","link":"https:\/\/naturcleaning.hu\/en\/mit-jelent-az-ha-hipoallergen-felirat-szerepel-egy-termeken\/","title":{"rendered":"Mit jelent az, ha hipoallerg\u00e9n felirat szerepel egy term\u00e9ken?"},"content":{"rendered":"<p>A term\u00e9k hipoallerg\u00e9n min\u0151s\u00edt\u00e9s\u00e9t \u00e1ltal\u00e1ban az al\u00e1bbi tulajdons\u00e1gok hat\u00e1rozz\u00e1k meg:<\/p>\n<ol>\n<li>Alacsony az allergiz\u00e1l\u00f3 anyagok lehet\u0151s\u00e9ge. A hipoallerg\u00e9n term\u00e9kek olyan \u00f6sszetev\u0151kb\u0151l \u00e1llnak, amelyek alacsony allerg\u00e9n potenci\u00e1llal rendelkeznek. Ez azt jelenti, hogy ezek az anyagok minim\u00e1lisan val\u00f3sz\u00edn\u0171, hogy allergi\u00e1s reakci\u00f3t v\u00e1ltanak ki az \u00e9rz\u00e9keny egy\u00e9nekn\u00e9l.<\/li>\n<li>Nem tartalmaz irrit\u00e1l\u00f3 anyagokat: Az allergi\u00e1s reakci\u00f3kat gyakran kiv\u00e1lt\u00f3 irrit\u00e1l\u00f3 anyagok, p\u00e9ld\u00e1ul bizonyos kemik\u00e1li\u00e1k, illatanyagok vagy tart\u00f3s\u00edt\u00f3szerek, elker\u00fcl\u0151 anyagok<\/li>\n<\/ol>\n<p>A hipoallerg\u00e9n term\u00e9kek fejleszt\u00e9s\u00e9n\u00e9l olyan \u00f6sszetev\u0151k k\u00f6z\u00fcl v\u00e1lasztunk, amelyek legkev\u00e9sb\u00e9 v\u00e1lthatnak ki allergi\u00e1s reakci\u00f3kat. Az ilyen term\u00e9kekn\u00e9l pr\u00f3b\u00e1ljuk minimaliz\u00e1lni azokat az anyagokat, amelyek h\u00edresen allerg\u00e9nnek sz\u00e1m\u00edtanak, p\u00e9ld\u00e1ul bizonyos parf\u00fcm\u00f6k, sz\u00ednez\u00e9kek, tart\u00f3s\u00edt\u00f3szerek vagy irrit\u00e1l\u00f3 vegyi anyagok.<\/p>\n<p>&nbsp;<\/p>","protected":false},"excerpt":{"rendered":"<p>A term\u00e9k hipoallerg\u00e9n min\u0151s\u00edt\u00e9s\u00e9t \u00e1ltal\u00e1ban az al\u00e1bbi tulajdons\u00e1gok hat\u00e1rozz\u00e1k meg: Alacsony az allergiz\u00e1l\u00f3 anyagok lehet\u0151s\u00e9ge. A hipoallerg\u00e9n term\u00e9kek olyan \u00f6sszetev\u0151kb\u0151l \u00e1llnak, amelyek alacsony allerg\u00e9n potenci\u00e1llal rendelkeznek. Ez azt jelenti, hogy ezek az anyagok minim\u00e1lisan val\u00f3sz\u00edn\u0171, hogy allergi\u00e1s reakci\u00f3t v\u00e1ltanak ki az \u00e9rz\u00e9keny egy\u00e9nekn\u00e9l. Nem tartalmaz irrit\u00e1l\u00f3 anyagokat: Az allergi\u00e1s reakci\u00f3kat gyakran kiv\u00e1lt\u00f3 irrit\u00e1l\u00f3 anyagok, p\u00e9ld\u00e1ul [&hellip;]<\/p>\n","protected":false},"author":11,"featured_media":18138,"comment_status":"open","ping_status":"open","sticky":false,"template":"","format":"standard","meta":{"_acf_changed":false,"footnotes":""},"categories":[47],"tags":[],"class_list":["post-18137","post","type-post","status-publish","format-standard","has-post-thumbnail","hentry","category-blogpost"],"acf":[],"_links":{"self":[{"href":"https:\/\/naturcleaning.hu\/en\/wp-json\/wp\/v2\/posts\/18137","targetHints":{"allow":["GET"]}}],"collection":[{"href":"https:\/\/naturcleaning.hu\/en\/wp-json\/wp\/v2\/posts"}],"about":[{"href":"https:\/\/naturcleaning.hu\/en\/wp-json\/wp\/v2\/types\/post"}],"author":[{"embeddable":true,"href":"https:\/\/naturcleaning.hu\/en\/wp-json\/wp\/v2\/users\/11"}],"replies":[{"embeddable":true,"href":"https:\/\/naturcleaning.hu\/en\/wp-json\/wp\/v2\/comments?post=18137"}],"version-history":[{"count":0,"href":"https:\/\/naturcleaning.hu\/en\/wp-json\/wp\/v2\/posts\/18137\/revisions"}],"wp:featuredmedia":[{"embeddable":true,"href":"https:\/\/naturcleaning.hu\/en\/wp-json\/wp\/v2\/media\/18138"}],"wp:attachment":[{"href":"https:\/\/naturcleaning.hu\/en\/wp-json\/wp\/v2\/media?parent=18137"}],"wp:term":[{"taxonomy":"category","embeddable":true,"href":"https:\/\/naturcleaning.hu\/en\/wp-json\/wp\/v2\/categories?post=18137"},{"taxonomy":"post_tag","embeddable":true,"href":"https:\/\/naturcleaning.hu\/en\/wp-json\/wp\/v2\/tags?post=18137"}],"curies":[{"name":"wp","href":"https:\/\/api.w.org\/{rel}","templated":true}]}}